{"id":2630,"date":"2025-02-11T15:15:21","date_gmt":"2025-02-11T15:15:21","guid":{"rendered":"https:\/\/lvdamalika.sn\/?p=2630"},"modified":"2025-02-11T16:03:06","modified_gmt":"2025-02-11T16:03:06","slug":"yessal-malika","status":"publish","type":"post","link":"https:\/\/lvdamalika.sn\/index.php\/2025\/02\/11\/yessal-malika\/","title":{"rendered":"Yessal Malika"},"content":{"rendered":"\t\t<div data-elementor-type=\"wp-post\" data-elementor-id=\"2630\" class=\"elementor elementor-2630\">\n\t\t\t\t\t\t<section class=\"elementor-section elementor-top-section elementor-element elementor-element-eb15206 elementor-section-boxed elementor-section-height-default elementor-section-height-default\" data-id=\"eb15206\" data-element_type=\"section\">\n\t\t\t\t\t\t<div class=\"elementor-container elementor-column-gap-default\">\n\t\t\t\t\t<div class=\"elementor-column elementor-col-100 elementor-top-column elementor-element elementor-element-6b71e0cf\" data-id=\"6b71e0cf\" data-element_type=\"column\">\n\t\t\t<div class=\"elementor-widget-wrap elementor-element-populated\">\n\t\t\t\t\t\t<div class=\"elementor-element elementor-element-6d2357e6 elementor-widget elementor-widget-heading\" data-id=\"6d2357e6\" data-element_type=\"widget\" data-widget_type=\"heading.default\">\n\t\t\t\t<div class=\"elementor-widget-container\">\n\t\t\t\t\t<h5 class=\"elementor-heading-title elementor-size-default\">Le Programme Yessal Malika : Une Initiative pour un Cadre de Vie Durable<\/h5>\t\t\t\t<\/div>\n\t\t\t\t<\/div>\n\t\t\t\t<div class=\"elementor-element elementor-element-16877f05 elementor-widget elementor-widget-text-editor\" data-id=\"16877f05\" data-element_type=\"widget\" data-widget_type=\"text-editor.default\">\n\t\t\t\t<div class=\"elementor-widget-container\">\n\t\t\t\t\t\t\t\t\t<p><strong>Malika, le 15 f\u00e9vrier 2025<\/strong> \u2013 La commune de Malika s\u2019appr\u00eate \u00e0 accueillir un \u00e9v\u00e9nement majeur dans le cadre de l\u2019am\u00e9lioration de son cadre de vie : la pr\u00e9sentation officielle du <strong>Programme Yessal Malika<\/strong>. Organis\u00e9e par l\u2019<strong>Association La Vie des Autres (LVDA)<\/strong>, cette rencontre se tiendra \u00e0 la salle de d\u00e9lib\u00e9ration de la Mairie de Malika et r\u00e9unira les autorit\u00e9s administratives, municipales, les organisations communautaires ainsi que les citoyens engag\u00e9s pour une commune plus propre, plus s\u00fbre et plus durable.<\/p><h5><strong>Un Programme au Service du D\u00e9veloppement Communal<\/strong><\/h5><p>Le Programme Yessal Malika s\u2019inscrit dans une d\u00e9marche participative visant \u00e0 transformer Malika en une commune hospitali\u00e8re et r\u00e9siliente. Il repose sur quatre axes principaux :<\/p><ul data-spread=\"false\"><li><p><strong>Sensibilisation et mobilisation communautaire<\/strong> pour une meilleure gestion du cadre de vie.<\/p><\/li><li><p><strong>Mise en place d\u2019un cadre institutionnel<\/strong> pour structurer et encadrer les actions locales.<\/p><\/li><li><p><strong>Identification des d\u00e9fis environnementaux et sociaux<\/strong> et leur conversion en opportunit\u00e9s de d\u00e9veloppement.<\/p><\/li><li><p><strong>Renforcement de la concertation entre les acteurs<\/strong> pour une gouvernance locale plus efficace.<\/p><\/li><\/ul><p>Cette initiative traduit l\u2019ambition du gouvernement s\u00e9n\u00e9galais de rendre les villes plus propres et plus s\u00fbres en favorisant l\u2019engagement citoyen et la responsabilit\u00e9 collective.<\/p><h5><strong>Un Contexte Urgent et des Enjeux Majeurs<\/strong><\/h5><p>Malika, comme d\u2019autres communes du d\u00e9partement de Keur Massar, est confront\u00e9e \u00e0 plusieurs d\u00e9fis environnementaux et sociaux :<\/p><ul data-spread=\"false\"><li><p>La gestion des d\u00e9chets et l\u2019assainissement insuffisant.<\/p><\/li><li><p>L\u2019\u00e9vacuation des eaux pluviales et us\u00e9es.<\/p><\/li><li><p>L\u2019ins\u00e9curit\u00e9 publique et l\u2019implication des populations dans la gestion des infrastructures.<\/p><\/li><\/ul><p>Face \u00e0 ces enjeux, l\u2019Association LVDA, organisation \u00e0 but non lucratif bas\u00e9e \u00e0 Malika Plage, a d\u00e9cid\u00e9 d\u2019agir en f\u00e9d\u00e9rant les acteurs locaux autour de solutions durables.<\/p>\t\t\t\t\t\t\t\t<\/div>\n\t\t\t\t<\/div>\n\t\t\t\t<div class=\"elementor-element elementor-element-7cda102e elementor-widget elementor-widget-helpo_blockquote\" data-id=\"7cda102e\" data-element_type=\"widget\" data-widget_type=\"helpo_blockquote.default\">\n\t\t\t\t<div class=\"elementor-widget-container\">\n\t\t\t\t\t\n        <div class=\"helpo_blockquote_widget\">\n            <div class=\"helpo_blockquote helpo_view_type_2\">\n                Un \u00c9v\u00e9nement Structurant pour l\u2019Avenir de Malika\n\nLa rencontre du 15 f\u00e9vrier 2025 vise plusieurs objectifs :\n\nPr\u00e9senter et consolider le plan strat\u00e9gique du Programme Yessal Malika avec les autorit\u00e9s et la communaut\u00e9.\n\n\u00c9changer autour du th\u00e8me \u00ab Le cadre de vie \u00e0 Malika : d\u00e9fis et opportunit\u00e9s de transformation \u00e9conomique \u00bb.\n\nStructurer un cadre institutionnel en concertation avec les autorit\u00e9s \u00e9tatiques et municipales.            <\/div>\n        <\/div>\n        \t\t\t\t<\/div>\n\t\t\t\t<\/div>\n\t\t\t\t\t<\/div>\n\t\t<\/div>\n\t\t\t\t\t<\/div>\n\t\t<\/section>\n\t\t\t\t<\/div>\n\t\t","protected":false},"excerpt":{"rendered":"<p>Le Programme Yessal Malika : Une Initiative pour un Cadre de Vie Durable Malika, le 15 f\u00e9vrier 2025 \u2013 La commune de Malika s\u2019appr\u00eate \u00e0 accueillir un \u00e9v\u00e9nement majeur dans le cadre de l\u2019am\u00e9lioration de son cadre de vie : la pr\u00e9sentation officielle du Programme Yessal Malika. Organis\u00e9e par l\u2019Association La Vie des Autres (LVDA), [&hellip;]<\/p>\n","protected":false},"author":1,"featured_media":2637,"comment_status":"open","ping_status":"closed","sticky":false,"template":"","format":"image","meta":{"_monsterinsights_skip_tracking":false,"_monsterinsights_sitenote_active":false,"_monsterinsights_sitenote_note":"","_monsterinsights_sitenote_category":0,"footnotes":""},"categories":[65],"tags":[],"class_list":["post-2630","post","type-post","status-publish","format-image","has-post-thumbnail","hentry","category-environnement","post_format-post-format-image"],"yoast_head":"<!-- This site is optimized with the Yoast SEO plugin v24.3 - https:\/\/yoast.com\/wordpress\/plugins\/seo\/ -->\n<title>Yessal Malika - LVDA<\/title>\n<meta name=\"robots\" content=\"index, follow, max-snippet:-1, max-image-preview:large, max-video-preview:-1\" \/>\n<link rel=\"canonical\" href=\"https:\/\/lvdamalika.sn\/index.php\/2025\/02\/11\/yessal-malika\/\" \/>\n<meta property=\"og:locale\" content=\"fr_FR\" \/>\n<meta property=\"og:type\" content=\"article\" \/>\n<meta property=\"og:title\" content=\"Yessal Malika - LVDA\" \/>\n<meta property=\"og:description\" content=\"Le Programme Yessal Malika : Une Initiative pour un Cadre de Vie Durable Malika, le 15 f\u00e9vrier 2025 \u2013 La commune de Malika s\u2019appr\u00eate \u00e0 accueillir un \u00e9v\u00e9nement majeur dans le cadre de l\u2019am\u00e9lioration de son cadre de vie : la pr\u00e9sentation officielle du Programme Yessal Malika. Organis\u00e9e par l\u2019Association La Vie des Autres (LVDA), [&hellip;]\" \/>\n<meta property=\"og:url\" content=\"https:\/\/lvdamalika.sn\/index.php\/2025\/02\/11\/yessal-malika\/\" \/>\n<meta property=\"og:site_name\" content=\"LVDA\" \/>\n<meta property=\"article:published_time\" content=\"2025-02-11T15:15:21+00:00\" \/>\n<meta property=\"article:modified_time\" content=\"2025-02-11T16:03:06+00:00\" \/>\n<meta property=\"og:image\" content=\"https:\/\/lvdamalika.sn\/wp-content\/uploads\/2025\/02\/close-up-hand-sweeping-scaled.jpg\" \/>\n\t<meta property=\"og:image:width\" content=\"2560\" \/>\n\t<meta property=\"og:image:height\" content=\"1707\" \/>\n\t<meta property=\"og:image:type\" content=\"image\/jpeg\" \/>\n<meta name=\"author\" content=\"admin\" \/>\n<meta name=\"twitter:card\" content=\"summary_large_image\" \/>\n<meta name=\"twitter:label1\" content=\"\u00c9crit par\" \/>\n\t<meta name=\"twitter:data1\" content=\"admin\" \/>\n\t<meta name=\"twitter:label2\" content=\"Dur\u00e9e de lecture estim\u00e9e\" \/>\n\t<meta name=\"twitter:data2\" content=\"3 minutes\" \/>\n<script type=\"application\/ld+json\" class=\"yoast-schema-graph\">{\"@context\":\"https:\/\/schema.org\",\"@graph\":[{\"@type\":\"Article\",\"@id\":\"https:\/\/lvdamalika.sn\/index.php\/2025\/02\/11\/yessal-malika\/#article\",\"isPartOf\":{\"@id\":\"https:\/\/lvdamalika.sn\/index.php\/2025\/02\/11\/yessal-malika\/\"},\"author\":{\"name\":\"admin\",\"@id\":\"https:\/\/lvdamalika.sn\/#\/schema\/person\/47aa19f2ffef34d55a0cb9a177ceef99\"},\"headline\":\"Yessal Malika\",\"datePublished\":\"2025-02-11T15:15:21+00:00\",\"dateModified\":\"2025-02-11T16:03:06+00:00\",\"mainEntityOfPage\":{\"@id\":\"https:\/\/lvdamalika.sn\/index.php\/2025\/02\/11\/yessal-malika\/\"},\"wordCount\":311,\"commentCount\":0,\"publisher\":{\"@id\":\"https:\/\/lvdamalika.sn\/#organization\"},\"image\":{\"@id\":\"https:\/\/lvdamalika.sn\/index.php\/2025\/02\/11\/yessal-malika\/#primaryimage\"},\"thumbnailUrl\":\"https:\/\/lvdamalika.sn\/wp-content\/uploads\/2025\/02\/close-up-hand-sweeping-scaled.jpg\",\"articleSection\":[\"Environnement\"],\"inLanguage\":\"fr-FR\",\"potentialAction\":[{\"@type\":\"CommentAction\",\"name\":\"Comment\",\"target\":[\"https:\/\/lvdamalika.sn\/index.php\/2025\/02\/11\/yessal-malika\/#respond\"]}]},{\"@type\":\"WebPage\",\"@id\":\"https:\/\/lvdamalika.sn\/index.php\/2025\/02\/11\/yessal-malika\/\",\"url\":\"https:\/\/lvdamalika.sn\/index.php\/2025\/02\/11\/yessal-malika\/\",\"name\":\"Yessal Malika - LVDA\",\"isPartOf\":{\"@id\":\"https:\/\/lvdamalika.sn\/#website\"},\"primaryImageOfPage\":{\"@id\":\"https:\/\/lvdamalika.sn\/index.php\/2025\/02\/11\/yessal-malika\/#primaryimage\"},\"image\":{\"@id\":\"https:\/\/lvdamalika.sn\/index.php\/2025\/02\/11\/yessal-malika\/#primaryimage\"},\"thumbnailUrl\":\"https:\/\/lvdamalika.sn\/wp-content\/uploads\/2025\/02\/close-up-hand-sweeping-scaled.jpg\",\"datePublished\":\"2025-02-11T15:15:21+00:00\",\"dateModified\":\"2025-02-11T16:03:06+00:00\",\"breadcrumb\":{\"@id\":\"https:\/\/lvdamalika.sn\/index.php\/2025\/02\/11\/yessal-malika\/#breadcrumb\"},\"inLanguage\":\"fr-FR\",\"potentialAction\":[{\"@type\":\"ReadAction\",\"target\":[\"https:\/\/lvdamalika.sn\/index.php\/2025\/02\/11\/yessal-malika\/\"]}]},{\"@type\":\"ImageObject\",\"inLanguage\":\"fr-FR\",\"@id\":\"https:\/\/lvdamalika.sn\/index.php\/2025\/02\/11\/yessal-malika\/#primaryimage\",\"url\":\"https:\/\/lvdamalika.sn\/wp-content\/uploads\/2025\/02\/close-up-hand-sweeping-scaled.jpg\",\"contentUrl\":\"https:\/\/lvdamalika.sn\/wp-content\/uploads\/2025\/02\/close-up-hand-sweeping-scaled.jpg\",\"width\":2560,\"height\":1707},{\"@type\":\"BreadcrumbList\",\"@id\":\"https:\/\/lvdamalika.sn\/index.php\/2025\/02\/11\/yessal-malika\/#breadcrumb\",\"itemListElement\":[{\"@type\":\"ListItem\",\"position\":1,\"name\":\"Accueil\",\"item\":\"https:\/\/lvdamalika.sn\/\"},{\"@type\":\"ListItem\",\"position\":2,\"name\":\"Yessal Malika\"}]},{\"@type\":\"WebSite\",\"@id\":\"https:\/\/lvdamalika.sn\/#website\",\"url\":\"https:\/\/lvdamalika.sn\/\",\"name\":\"LVDA\",\"description\":\"\",\"publisher\":{\"@id\":\"https:\/\/lvdamalika.sn\/#organization\"},\"potentialAction\":[{\"@type\":\"SearchAction\",\"target\":{\"@type\":\"EntryPoint\",\"urlTemplate\":\"https:\/\/lvdamalika.sn\/?s={search_term_string}\"},\"query-input\":{\"@type\":\"PropertyValueSpecification\",\"valueRequired\":true,\"valueName\":\"search_term_string\"}}],\"inLanguage\":\"fr-FR\"},{\"@type\":\"Organization\",\"@id\":\"https:\/\/lvdamalika.sn\/#organization\",\"name\":\"LVDA\",\"url\":\"https:\/\/lvdamalika.sn\/\",\"logo\":{\"@type\":\"ImageObject\",\"inLanguage\":\"fr-FR\",\"@id\":\"https:\/\/lvdamalika.sn\/#\/schema\/logo\/image\/\",\"url\":\"https:\/\/lvdamalika.sn\/wp-content\/uploads\/2025\/02\/cropped-logo-removebg-preview.png\",\"contentUrl\":\"https:\/\/lvdamalika.sn\/wp-content\/uploads\/2025\/02\/cropped-logo-removebg-preview.png\",\"width\":512,\"height\":512,\"caption\":\"LVDA\"},\"image\":{\"@id\":\"https:\/\/lvdamalika.sn\/#\/schema\/logo\/image\/\"}},{\"@type\":\"Person\",\"@id\":\"https:\/\/lvdamalika.sn\/#\/schema\/person\/47aa19f2ffef34d55a0cb9a177ceef99\",\"name\":\"admin\",\"image\":{\"@type\":\"ImageObject\",\"inLanguage\":\"fr-FR\",\"@id\":\"https:\/\/lvdamalika.sn\/#\/schema\/person\/image\/\",\"url\":\"https:\/\/secure.gravatar.com\/avatar\/06787fdb92b58e1f5a9bb4db9346e13358554a22ad5f698c41f389567457ca6d?s=96&d=mm&r=g\",\"contentUrl\":\"https:\/\/secure.gravatar.com\/avatar\/06787fdb92b58e1f5a9bb4db9346e13358554a22ad5f698c41f389567457ca6d?s=96&d=mm&r=g\",\"caption\":\"admin\"},\"sameAs\":[\"https:\/\/lvdamalika.sn\"],\"url\":\"https:\/\/lvdamalika.sn\/index.php\/author\/theuniversalshadow_mxn07i6p\/\"}]}<\/script>\n<!-- \/ Yoast SEO plugin. -->","yoast_head_json":{"title":"Yessal Malika - LVDA","robots":{"index":"index","follow":"follow","max-snippet":"max-snippet:-1","max-image-preview":"max-image-preview:large","max-video-preview":"max-video-preview:-1"},"canonical":"https:\/\/lvdamalika.sn\/index.php\/2025\/02\/11\/yessal-malika\/","og_locale":"fr_FR","og_type":"article","og_title":"Yessal Malika - LVDA","og_description":"Le Programme Yessal Malika : Une Initiative pour un Cadre de Vie Durable Malika, le 15 f\u00e9vrier 2025 \u2013 La commune de Malika s\u2019appr\u00eate \u00e0 accueillir un \u00e9v\u00e9nement majeur dans le cadre de l\u2019am\u00e9lioration de son cadre de vie : la pr\u00e9sentation officielle du Programme Yessal Malika. Organis\u00e9e par l\u2019Association La Vie des Autres (LVDA), [&hellip;]","og_url":"https:\/\/lvdamalika.sn\/index.php\/2025\/02\/11\/yessal-malika\/","og_site_name":"LVDA","article_published_time":"2025-02-11T15:15:21+00:00","article_modified_time":"2025-02-11T16:03:06+00:00","og_image":[{"width":2560,"height":1707,"url":"https:\/\/lvdamalika.sn\/wp-content\/uploads\/2025\/02\/close-up-hand-sweeping-scaled.jpg","type":"image\/jpeg"}],"author":"admin","twitter_card":"summary_large_image","twitter_misc":{"\u00c9crit par":"admin","Dur\u00e9e de lecture estim\u00e9e":"3 minutes"},"schema":{"@context":"https:\/\/schema.org","@graph":[{"@type":"Article","@id":"https:\/\/lvdamalika.sn\/index.php\/2025\/02\/11\/yessal-malika\/#article","isPartOf":{"@id":"https:\/\/lvdamalika.sn\/index.php\/2025\/02\/11\/yessal-malika\/"},"author":{"name":"admin","@id":"https:\/\/lvdamalika.sn\/#\/schema\/person\/47aa19f2ffef34d55a0cb9a177ceef99"},"headline":"Yessal Malika","datePublished":"2025-02-11T15:15:21+00:00","dateModified":"2025-02-11T16:03:06+00:00","mainEntityOfPage":{"@id":"https:\/\/lvdamalika.sn\/index.php\/2025\/02\/11\/yessal-malika\/"},"wordCount":311,"commentCount":0,"publisher":{"@id":"https:\/\/lvdamalika.sn\/#organization"},"image":{"@id":"https:\/\/lvdamalika.sn\/index.php\/2025\/02\/11\/yessal-malika\/#primaryimage"},"thumbnailUrl":"https:\/\/lvdamalika.sn\/wp-content\/uploads\/2025\/02\/close-up-hand-sweeping-scaled.jpg","articleSection":["Environnement"],"inLanguage":"fr-FR","potentialAction":[{"@type":"CommentAction","name":"Comment","target":["https:\/\/lvdamalika.sn\/index.php\/2025\/02\/11\/yessal-malika\/#respond"]}]},{"@type":"WebPage","@id":"https:\/\/lvdamalika.sn\/index.php\/2025\/02\/11\/yessal-malika\/","url":"https:\/\/lvdamalika.sn\/index.php\/2025\/02\/11\/yessal-malika\/","name":"Yessal Malika - LVDA","isPartOf":{"@id":"https:\/\/lvdamalika.sn\/#website"},"primaryImageOfPage":{"@id":"https:\/\/lvdamalika.sn\/index.php\/2025\/02\/11\/yessal-malika\/#primaryimage"},"image":{"@id":"https:\/\/lvdamalika.sn\/index.php\/2025\/02\/11\/yessal-malika\/#primaryimage"},"thumbnailUrl":"https:\/\/lvdamalika.sn\/wp-content\/uploads\/2025\/02\/close-up-hand-sweeping-scaled.jpg","datePublished":"2025-02-11T15:15:21+00:00","dateModified":"2025-02-11T16:03:06+00:00","breadcrumb":{"@id":"https:\/\/lvdamalika.sn\/index.php\/2025\/02\/11\/yessal-malika\/#breadcrumb"},"inLanguage":"fr-FR","potentialAction":[{"@type":"ReadAction","target":["https:\/\/lvdamalika.sn\/index.php\/2025\/02\/11\/yessal-malika\/"]}]},{"@type":"ImageObject","inLanguage":"fr-FR","@id":"https:\/\/lvdamalika.sn\/index.php\/2025\/02\/11\/yessal-malika\/#primaryimage","url":"https:\/\/lvdamalika.sn\/wp-content\/uploads\/2025\/02\/close-up-hand-sweeping-scaled.jpg","contentUrl":"https:\/\/lvdamalika.sn\/wp-content\/uploads\/2025\/02\/close-up-hand-sweeping-scaled.jpg","width":2560,"height":1707},{"@type":"BreadcrumbList","@id":"https:\/\/lvdamalika.sn\/index.php\/2025\/02\/11\/yessal-malika\/#breadcrumb","itemListElement":[{"@type":"ListItem","position":1,"name":"Accueil","item":"https:\/\/lvdamalika.sn\/"},{"@type":"ListItem","position":2,"name":"Yessal Malika"}]},{"@type":"WebSite","@id":"https:\/\/lvdamalika.sn\/#website","url":"https:\/\/lvdamalika.sn\/","name":"LVDA","description":"","publisher":{"@id":"https:\/\/lvdamalika.sn\/#organization"},"potentialAction":[{"@type":"SearchAction","target":{"@type":"EntryPoint","urlTemplate":"https:\/\/lvdamalika.sn\/?s={search_term_string}"},"query-input":{"@type":"PropertyValueSpecification","valueRequired":true,"valueName":"search_term_string"}}],"inLanguage":"fr-FR"},{"@type":"Organization","@id":"https:\/\/lvdamalika.sn\/#organization","name":"LVDA","url":"https:\/\/lvdamalika.sn\/","logo":{"@type":"ImageObject","inLanguage":"fr-FR","@id":"https:\/\/lvdamalika.sn\/#\/schema\/logo\/image\/","url":"https:\/\/lvdamalika.sn\/wp-content\/uploads\/2025\/02\/cropped-logo-removebg-preview.png","contentUrl":"https:\/\/lvdamalika.sn\/wp-content\/uploads\/2025\/02\/cropped-logo-removebg-preview.png","width":512,"height":512,"caption":"LVDA"},"image":{"@id":"https:\/\/lvdamalika.sn\/#\/schema\/logo\/image\/"}},{"@type":"Person","@id":"https:\/\/lvdamalika.sn\/#\/schema\/person\/47aa19f2ffef34d55a0cb9a177ceef99","name":"admin","image":{"@type":"ImageObject","inLanguage":"fr-FR","@id":"https:\/\/lvdamalika.sn\/#\/schema\/person\/image\/","url":"https:\/\/secure.gravatar.com\/avatar\/06787fdb92b58e1f5a9bb4db9346e13358554a22ad5f698c41f389567457ca6d?s=96&d=mm&r=g","contentUrl":"https:\/\/secure.gravatar.com\/avatar\/06787fdb92b58e1f5a9bb4db9346e13358554a22ad5f698c41f389567457ca6d?s=96&d=mm&r=g","caption":"admin"},"sameAs":["https:\/\/lvdamalika.sn"],"url":"https:\/\/lvdamalika.sn\/index.php\/author\/theuniversalshadow_mxn07i6p\/"}]}},"_links":{"self":[{"href":"https:\/\/lvdamalika.sn\/index.php\/wp-json\/wp\/v2\/posts\/2630","targetHints":{"allow":["GET"]}}],"collection":[{"href":"https:\/\/lvdamalika.sn\/index.php\/wp-json\/wp\/v2\/posts"}],"about":[{"href":"https:\/\/lvdamalika.sn\/index.php\/wp-json\/wp\/v2\/types\/post"}],"author":[{"embeddable":true,"href":"https:\/\/lvdamalika.sn\/index.php\/wp-json\/wp\/v2\/users\/1"}],"replies":[{"embeddable":true,"href":"https:\/\/lvdamalika.sn\/index.php\/wp-json\/wp\/v2\/comments?post=2630"}],"version-history":[{"count":8,"href":"https:\/\/lvdamalika.sn\/index.php\/wp-json\/wp\/v2\/posts\/2630\/revisions"}],"predecessor-version":[{"id":2650,"href":"https:\/\/lvdamalika.sn\/index.php\/wp-json\/wp\/v2\/posts\/2630\/revisions\/2650"}],"wp:featuredmedia":[{"embeddable":true,"href":"https:\/\/lvdamalika.sn\/index.php\/wp-json\/wp\/v2\/media\/2637"}],"wp:attachment":[{"href":"https:\/\/lvdamalika.sn\/index.php\/wp-json\/wp\/v2\/media?parent=2630"}],"wp:term":[{"taxonomy":"category","embeddable":true,"href":"https:\/\/lvdamalika.sn\/index.php\/wp-json\/wp\/v2\/categories?post=2630"},{"taxonomy":"post_tag","embeddable":true,"href":"https:\/\/lvdamalika.sn\/index.php\/wp-json\/wp\/v2\/tags?post=2630"}],"curies":[{"name":"wp","href":"https:\/\/api.w.org\/{rel}","templated":true}]}}